{"id":455,"date":"2014-10-01T00:01:42","date_gmt":"2014-10-01T00:01:42","guid":{"rendered":"http:\/\/www.alpesnet.org\/ustl\/?p=455"},"modified":"2017-05-31T20:24:49","modified_gmt":"2017-05-31T20:24:49","slug":"titre-test","status":"publish","type":"post","link":"https:\/\/ustl-chambery.fr\/?p=455","title":{"rendered":"Conf\u00e9rences Octobre 2014"},"content":{"rendered":"<p><strong>09 octobre 2014<\/strong><br \/>\nConf\u00e9rence sur : La Grande guerre<br \/>\nTitre de la conf\u00e9rence :\u00a0\u00bbLes chasseurs alpins dans la Grande Guerre\u00a0\u00bb<br \/>\nConf\u00e9rencier :Anthony PINTO, \u00a0historien<br \/>\nLieu et heure de la conf\u00e9rence :14 H 3O \u00a0amphi rue Marcoz Chamb\u00e9ry<\/p>\n<p>_______________________________________________________________________________<\/p>\n<p><strong>23 octobre 2014<\/strong><br \/>\nConf\u00e9rence sur : Les chemins de fer en Savoie<br \/>\nTitre de la conf\u00e9rence :\u00a0\u00bbFranchir pour unir, \u00e9quiper pour rattacher : les premiers chemins de fer en Savoie (183O-1880)<br \/>\nConf\u00e9rencier : Emilie \u00a0COTTET-DUMOULIN \u00a0Agr\u00e9g\u00e9e \u00a0d&rsquo;histoire<br \/>\nLieu et heure de la conf\u00e9rence :<span style=\"color: #ff0000;\">salle \u00e0 pr\u00e9ciser<\/span> \u00e0 14 H 3O<\/p>\n<p>_______________________________________________________________________________<\/p>\n<p><strong>\u00a0<\/strong><\/p>\n<p>_______________________________________________________________________________<\/p>\n<p><strong>\u00a0<\/strong><\/p>\n<p>_______________________________________________________________________________<\/p>\n","protected":false},"excerpt":{"rendered":"<p>09 octobre 2014 Conf\u00e9rence sur : La Grande guerre Titre de la conf\u00e9rence :\u00a0\u00bbLes chasseurs alpins dans la Grande Guerre\u00a0\u00bb Conf\u00e9rencier :Anthony PINTO, \u00a0historien Lieu et heure de la conf\u00e9rence :14 H 3O \u00a0amphi rue Marcoz Chamb\u00e9ry _______________________________________________________________________________ 23 octobre 2014 Conf\u00e9rence sur : Les chemins de fer en Savoie Titre de la conf\u00e9rence :\u00a0\u00bbFranchir &hellip; <\/p>\n<p class=\"link-more\"><a href=\"https:\/\/ustl-chambery.fr\/?p=455\" class=\"more-link\">Continuer la lecture<span class=\"screen-reader-text\"> de &laquo;&nbsp;Conf\u00e9rences Octobre 2014&nbsp;&raquo;<\/span><\/a><\/p>\n","protected":false},"author":1,"featured_media":0,"comment_status":"closed","ping_status":"closed","sticky":false,"template":"","format":"standard","meta":[],"categories":[32],"tags":[],"_links":{"self":[{"href":"https:\/\/ustl-chambery.fr\/index.php?rest_route=\/wp\/v2\/posts\/455"}],"collection":[{"href":"https:\/\/ustl-chambery.fr\/index.php?rest_route=\/wp\/v2\/posts"}],"about":[{"href":"https:\/\/ustl-chambery.fr\/index.php?rest_route=\/wp\/v2\/types\/post"}],"author":[{"embeddable":true,"href":"https:\/\/ustl-chambery.fr\/index.php?rest_route=\/wp\/v2\/users\/1"}],"replies":[{"embeddable":true,"href":"https:\/\/ustl-chambery.fr\/index.php?rest_route=%2Fwp%2Fv2%2Fcomments&post=455"}],"version-history":[{"count":13,"href":"https:\/\/ustl-chambery.fr\/index.php?rest_route=\/wp\/v2\/posts\/455\/revisions"}],"predecessor-version":[{"id":604,"href":"https:\/\/ustl-chambery.fr\/index.php?rest_route=\/wp\/v2\/posts\/455\/revisions\/604"}],"wp:attachment":[{"href":"https:\/\/ustl-chambery.fr\/index.php?rest_route=%2Fwp%2Fv2%2Fmedia&parent=455"}],"wp:term":[{"taxonomy":"category","embeddable":true,"href":"https:\/\/ustl-chambery.fr\/index.php?rest_route=%2Fwp%2Fv2%2Fcategories&post=455"},{"taxonomy":"post_tag","embeddable":true,"href":"https:\/\/ustl-chambery.fr\/index.php?rest_route=%2Fwp%2Fv2%2Ftags&post=455"}],"curies":[{"name":"wp","href":"https:\/\/api.w.org\/{rel}","templated":true}]}}