{"id":467,"date":"2014-11-01T11:52:01","date_gmt":"2014-11-01T11:52:01","guid":{"rendered":"http:\/\/www.alpesnet.org\/ustl\/?p=467"},"modified":"2017-05-31T20:29:18","modified_gmt":"2017-05-31T20:29:18","slug":"2e-article-test","status":"publish","type":"post","link":"https:\/\/ustl-chambery.fr\/?p=467","title":{"rendered":"Conf\u00e9rences Novembre 2014"},"content":{"rendered":"<p style=\"text-align: left;\"><strong>06 novembre 2014<br \/>\n<\/strong>Conf\u00e9rence sur : les Goncourt<br \/>\n<span style=\"line-height: 1.5;\">Titre de la conf\u00e9rence :\u00a0\u00bb les Goncourt et leur prix\u00a0\u00bb<br \/>\n<\/span>Conf\u00e9rencier : Dominique PETY, professeur de litt\u00e9rature \u00e0 l&rsquo;Universit\u00e9 de Savoie Mont-Blanc<br \/>\nLieu et heure de la conf\u00e9rence : amphi rue Marcoz \u00e0 14 H 30<\/p>\n<p>_______________________________________________________________________________<\/p>\n<p style=\"text-align: left;\"><strong>13 novembre 2014<\/strong><br \/>\nConf\u00e9rence sur : l&rsquo;Ukraine<br \/>\nTitre de la conf\u00e9rence :\u00a0\u00bb l&rsquo;Ukraine entre l&rsquo;Union europ\u00e9enne et la F\u00e9d\u00e9ration \u00a0de Russie : une crise g\u00e9opolitique et g\u00e9o\u00e9conomique\u00a0\u00bb<br \/>\nConf\u00e9rencier :Eric BRUNAT, enseignant-chercheur \u00e0 l&rsquo;universit\u00e9 de Savoie Mont-Blanc<br \/>\nLieu et heure de la conf\u00e9rence :amphi rue Marcoz \u00e0 14 H 3O<\/p>\n<p style=\"text-align: left;\">_______________________________________________________________________________<\/p>\n<p><strong>20 novembre 2014<\/strong><br \/>\nConf\u00e9rence sur : la protection des terres agricoles<br \/>\nTitre de la conf\u00e9rence :\u00a0\u00bbPourquoi et comment prot\u00e9ger les terres agricoles?\u00a0\u00bb<br \/>\nConf\u00e9rencier :Bernard GIRAUDY, ing\u00e9nieur agronome et ancien maire de Vernouillet (78)<br \/>\nLieu et heure de la conf\u00e9rence :amphi rue Marcoz \u00e0 14 H 30<\/p>\n<p>_______________________________________________________________________________<\/p>\n<p><strong>27 novembre 2014<\/strong><br \/>\nConf\u00e9rence sur : les paradis fiscaux<br \/>\nTitre de la conf\u00e9rence : \u00ab\u00a0Paradis fiscaux : comment mettre fin au pillage des ressources fiscales?\u00a0\u00bb<br \/>\nConf\u00e9rencier :Matilde DUPRE ,CCFD-Terre Solidaire<br \/>\nLieu et heure de la conf\u00e9rence : amphi rue Marcoz \u00e0 14 H 3O<\/p>\n<p>_______________________________________________________________________________<\/p>\n","protected":false},"excerpt":{"rendered":"<p>06 novembre 2014 Conf\u00e9rence sur : les Goncourt Titre de la conf\u00e9rence :\u00a0\u00bb les Goncourt et leur prix\u00a0\u00bb Conf\u00e9rencier : Dominique PETY, professeur de litt\u00e9rature \u00e0 l&rsquo;Universit\u00e9 de Savoie Mont-Blanc Lieu et heure de la conf\u00e9rence : amphi rue Marcoz \u00e0 14 H 30 _______________________________________________________________________________ 13 novembre 2014 Conf\u00e9rence sur : l&rsquo;Ukraine Titre de la &hellip; <\/p>\n<p class=\"link-more\"><a href=\"https:\/\/ustl-chambery.fr\/?p=467\" class=\"more-link\">Continuer la lecture<span class=\"screen-reader-text\"> de &laquo;&nbsp;Conf\u00e9rences Novembre 2014&nbsp;&raquo;<\/span><\/a><\/p>\n","protected":false},"author":1,"featured_media":0,"comment_status":"closed","ping_status":"closed","sticky":false,"template":"","format":"standard","meta":[],"categories":[32],"tags":[],"_links":{"self":[{"href":"https:\/\/ustl-chambery.fr\/index.php?rest_route=\/wp\/v2\/posts\/467"}],"collection":[{"href":"https:\/\/ustl-chambery.fr\/index.php?rest_route=\/wp\/v2\/posts"}],"about":[{"href":"https:\/\/ustl-chambery.fr\/index.php?rest_route=\/wp\/v2\/types\/post"}],"author":[{"embeddable":true,"href":"https:\/\/ustl-chambery.fr\/index.php?rest_route=\/wp\/v2\/users\/1"}],"replies":[{"embeddable":true,"href":"https:\/\/ustl-chambery.fr\/index.php?rest_route=%2Fwp%2Fv2%2Fcomments&post=467"}],"version-history":[{"count":23,"href":"https:\/\/ustl-chambery.fr\/index.php?rest_route=\/wp\/v2\/posts\/467\/revisions"}],"predecessor-version":[{"id":904,"href":"https:\/\/ustl-chambery.fr\/index.php?rest_route=\/wp\/v2\/posts\/467\/revisions\/904"}],"wp:attachment":[{"href":"https:\/\/ustl-chambery.fr\/index.php?rest_route=%2Fwp%2Fv2%2Fmedia&parent=467"}],"wp:term":[{"taxonomy":"category","embeddable":true,"href":"https:\/\/ustl-chambery.fr\/index.php?rest_route=%2Fwp%2Fv2%2Fcategories&post=467"},{"taxonomy":"post_tag","embeddable":true,"href":"https:\/\/ustl-chambery.fr\/index.php?rest_route=%2Fwp%2Fv2%2Ftags&post=467"}],"curies":[{"name":"wp","href":"https:\/\/api.w.org\/{rel}","templated":true}]}}