{"id":548,"date":"2015-01-01T00:01:45","date_gmt":"2015-01-01T00:01:45","guid":{"rendered":"http:\/\/www.alpesnet.org\/ustl\/?p=548"},"modified":"2017-05-31T20:29:45","modified_gmt":"2017-05-31T20:29:45","slug":"conferences-janvier-2015","status":"publish","type":"post","link":"https:\/\/ustl-chambery.fr\/?p=548","title":{"rendered":"Conf\u00e9rences Janvier 2015"},"content":{"rendered":"<p><b><span style=\"text-decoration: underline;\">08\/01\/2015<\/span><\/b> -14 H 30\u00a0: Pascal <b>Vuillemin<\/b>, Ma\u00eetre de conf\u00e9rences \u00e0 l\u2019universit\u00e9 de Savoie\u00a0: \u00ab\u00a0Th\u00e9ories v\u00e9nitiennes. La repr\u00e9sentation de la soci\u00e9t\u00e9 dans les grands cycles d\u00e9votionnels des peintres v\u00e9nitiens\u00a0:\u00a0 Bellini et Carpaccio\u00a0\u00bb. Amphi rue Marcoz<\/p>\n<p><b><span style=\"text-decoration: underline;\">15\/01\/2015<\/span><\/b>-14 H 30\u00a0: Gilles <b>Paisant,<\/b> Professeur \u00e9m\u00e9rite \u00e0 l\u2019universit\u00e9 de Savoie\u00a0: \u00ab\u00a0L\u2019Union europ\u00e9enne fait-elle avancer ou reculer les droits des consommateurs, en France\u00a0?\u00a0\u00bb. Amphi rue Marcoz<\/p>\n<p><b><span style=\"text-decoration: underline;\">22\/01\/2015<\/span><\/b>_ 14 H 30\u00a0: Fabrice <b>Delrieux,<\/b> ma\u00eetre de conf\u00e9rences \u00e0 l\u2019universit\u00e9 de Savoie\u00a0:\u00a0\u00ab\u00a0les tombes inviol\u00e9es de Vegina\u00a0: une nouvelle \u00ab\u00a0Vall\u00e9e des Rois\u00a0\u00bb (Mac\u00e9doine IV\u00e8me si\u00e8cle avt. J. C.)\u00a0\u00bb.Amphi rue Marcoz<\/p>\n<p><b><span style=\"text-decoration: underline;\">29\/01\/2015<\/span><\/b>&#8211; 14 H 30\u00a0: Assembl\u00e9e g\u00e9n\u00e9rale <b><span style=\"text-decoration: underline;\">Salle Jean Renoir<\/span><\/b><\/p>\n","protected":false},"excerpt":{"rendered":"<p>08\/01\/2015 -14 H 30\u00a0: Pascal Vuillemin, Ma\u00eetre de conf\u00e9rences \u00e0 l\u2019universit\u00e9 de Savoie\u00a0: \u00ab\u00a0Th\u00e9ories v\u00e9nitiennes. La repr\u00e9sentation de la soci\u00e9t\u00e9 dans les grands cycles d\u00e9votionnels des peintres v\u00e9nitiens\u00a0:\u00a0 Bellini et Carpaccio\u00a0\u00bb. Amphi rue Marcoz 15\/01\/2015-14 H 30\u00a0: Gilles Paisant, Professeur \u00e9m\u00e9rite \u00e0 l\u2019universit\u00e9 de Savoie\u00a0: \u00ab\u00a0L\u2019Union europ\u00e9enne fait-elle avancer ou reculer les droits des consommateurs, &hellip; <\/p>\n<p class=\"link-more\"><a href=\"https:\/\/ustl-chambery.fr\/?p=548\" class=\"more-link\">Continuer la lecture<span class=\"screen-reader-text\"> de &laquo;&nbsp;Conf\u00e9rences Janvier 2015&nbsp;&raquo;<\/span><\/a><\/p>\n","protected":false},"author":1,"featured_media":0,"comment_status":"closed","ping_status":"closed","sticky":false,"template":"","format":"standard","meta":[],"categories":[33],"tags":[],"_links":{"self":[{"href":"https:\/\/ustl-chambery.fr\/index.php?rest_route=\/wp\/v2\/posts\/548"}],"collection":[{"href":"https:\/\/ustl-chambery.fr\/index.php?rest_route=\/wp\/v2\/posts"}],"about":[{"href":"https:\/\/ustl-chambery.fr\/index.php?rest_route=\/wp\/v2\/types\/post"}],"author":[{"embeddable":true,"href":"https:\/\/ustl-chambery.fr\/index.php?rest_route=\/wp\/v2\/users\/1"}],"replies":[{"embeddable":true,"href":"https:\/\/ustl-chambery.fr\/index.php?rest_route=%2Fwp%2Fv2%2Fcomments&post=548"}],"version-history":[{"count":2,"href":"https:\/\/ustl-chambery.fr\/index.php?rest_route=\/wp\/v2\/posts\/548\/revisions"}],"predecessor-version":[{"id":605,"href":"https:\/\/ustl-chambery.fr\/index.php?rest_route=\/wp\/v2\/posts\/548\/revisions\/605"}],"wp:attachment":[{"href":"https:\/\/ustl-chambery.fr\/index.php?rest_route=%2Fwp%2Fv2%2Fmedia&parent=548"}],"wp:term":[{"taxonomy":"category","embeddable":true,"href":"https:\/\/ustl-chambery.fr\/index.php?rest_route=%2Fwp%2Fv2%2Fcategories&post=548"},{"taxonomy":"post_tag","embeddable":true,"href":"https:\/\/ustl-chambery.fr\/index.php?rest_route=%2Fwp%2Fv2%2Ftags&post=548"}],"curies":[{"name":"wp","href":"https:\/\/api.w.org\/{rel}","templated":true}]}}