{"id":597,"date":"2015-02-01T14:14:20","date_gmt":"2015-02-01T14:14:20","guid":{"rendered":"http:\/\/ustl-chambery.fr\/?p=597"},"modified":"2017-05-31T20:30:14","modified_gmt":"2017-05-31T20:30:14","slug":"conferences-mars-2015","status":"publish","type":"post","link":"https:\/\/ustl-chambery.fr\/?p=597","title":{"rendered":"Conf\u00e9rences Fevrier- Mars 2015"},"content":{"rendered":"<p>&nbsp;<\/p>\n<p><b><span style=\"text-decoration: underline;\">05\/02\/2015<\/span><\/b>-14 H 30\u00a0: Genevi\u00e8ve <b>Gaufillet,<\/b> professeur honoraire de Lettres\u00a0: \u00ab\u00a0Peindre la Grande Guerre\u00a0\u00bb.Amphi rue Marcoz<\/p>\n<p><b><span style=\"text-decoration: underline;\">12\/02\/2015\u00a0<\/span><\/b>: Vacances d\u2019hiver<\/p>\n<p><b><span style=\"text-decoration: underline;\">19\/02\/2015<\/span><\/b>-14 H 30\u00a0: Pierre <b>Salati<\/b>, Professeur de physique \u00e0 l\u2019universit\u00e9 de Savoie\u00a0: \u00ab\u00a0Les mondes invisibles du cosmos\u00a0\u00bb. <b><span style=\"text-decoration: underline;\">Salle Jean Renoir<\/span><\/b><\/p>\n<p><b><span style=\"text-decoration: underline;\">26\/02\/2015<\/span><\/b>-14 H 30\u00a0: Thierry <b>Villemin<\/b>, Professeur de g\u00e9ologie \u00e0 l\u2019universit\u00e9 de Savoie\u00a0: \u00ab\u00a0Le GPS\u00a0\u00bb.\u00a0Amphi rue Marcoz<\/p>\n<p><b><span style=\"text-decoration: underline;\">05\/03\/2015<\/span><\/b>-14 H 30\u00a0: Jean-Olivier <b>Viout<\/b>, Pr\u00e9sident de l\u2019Acad\u00e9mie de Savoie\u00a0: \u00ab\u00a0Histoire de l\u2019Acad\u00e9mie de Savoie\u00a0\u00bb.<b><span style=\"text-decoration: underline;\">Salle Jean Renoir<\/span><\/b><\/p>\n<p><b><span style=\"text-decoration: underline;\">12\/03\/2015<\/span><\/b>-14 H 30\u00a0: Jean-Charles <b>Leccia,<\/b> Professeur honoraire\u00a0de math\u00e9matiques : \u00ab\u00a0Rayonnement des sciences sous Bonaparte (1795-1815)\u00a0\u00bb.Amphi rue Marcoz<\/p>\n<p><b><span style=\"text-decoration: underline;\">19\/03\/2015<\/span><\/b>-14 H 30\u00a0: Pierre <b>Guichard,<\/b> Professeur d\u2019Histoire m\u00e9di\u00e9vale \u00e9m\u00e9rite de l\u2019universit\u00e9 Lyon 2\u00a0: \u00ab\u00a0Les Nasrides XIII-XVe si\u00e8cle\u00a0\u00bb.Amphi rue Marcoz<\/p>\n<p><b><span style=\"text-decoration: underline;\">26\/03\/2015<\/span><\/b>-14 H 30\u00a0: Christian <b>Guiller\u00e9, <\/b>Professeur d\u2019Histoire m\u00e9di\u00e9vale \u00e0 l\u2019universit\u00e9 de Savoie\u00a0: \u00ab\u00a0Le royaume normand de Sicile au XIIe si\u00e8cle\u00a0\u00bb. Amphi rue Marcoz<\/p>\n<p>&nbsp;<\/p>\n<p><span style=\"text-decoration: underline;\">A NOTER<\/span> : Les conf\u00e9rences d&rsquo;avril, mai, juin, seront publi\u00e9es en mars .<\/p>\n<p><span style=\"text-decoration: underline;\">LES SALLES<\/span> :<\/p>\n<p><b><\/b><span style=\"text-decoration: underline;\"><strong>Amphi<\/strong><\/span><strong>\u00a0<\/strong>: 27 rue Marcoz \u00e0 Chamb\u00e9ry<\/p>\n<p><span style=\"text-decoration: underline;\"><strong>Salle Jean<\/strong> Renoir<\/span>\u00a0: 30 rue Nicolas Parent \u00e0 Chamb\u00e9ry<\/p>\n<p>&nbsp;<\/p>\n<p>&nbsp;<\/p>\n<p>&nbsp;<\/p>\n<p><b><span style=\"text-decoration: underline;\">\u00a0<\/span><\/b><\/p>\n<p>&nbsp;<\/p>\n<p>&nbsp;<\/p>\n<p>&nbsp;<\/p>\n<p><b><span style=\"text-decoration: underline;\">\u00a0<\/span><\/b><\/p>\n<p>&nbsp;<\/p>\n<p><b><span style=\"text-decoration: underline;\">\u00a0<\/span><\/b><\/p>\n","protected":false},"excerpt":{"rendered":"<p>&nbsp; 05\/02\/2015-14 H 30\u00a0: Genevi\u00e8ve Gaufillet, professeur honoraire de Lettres\u00a0: \u00ab\u00a0Peindre la Grande Guerre\u00a0\u00bb.Amphi rue Marcoz 12\/02\/2015\u00a0: Vacances d\u2019hiver 19\/02\/2015-14 H 30\u00a0: Pierre Salati, Professeur de physique \u00e0 l\u2019universit\u00e9 de Savoie\u00a0: \u00ab\u00a0Les mondes invisibles du cosmos\u00a0\u00bb. Salle Jean Renoir 26\/02\/2015-14 H 30\u00a0: Thierry Villemin, Professeur de g\u00e9ologie \u00e0 l\u2019universit\u00e9 de Savoie\u00a0: \u00ab\u00a0Le GPS\u00a0\u00bb.\u00a0Amphi rue Marcoz &hellip; <\/p>\n<p class=\"link-more\"><a href=\"https:\/\/ustl-chambery.fr\/?p=597\" class=\"more-link\">Continuer la lecture<span class=\"screen-reader-text\"> de &laquo;&nbsp;Conf\u00e9rences Fevrier- Mars 2015&nbsp;&raquo;<\/span><\/a><\/p>\n","protected":false},"author":2,"featured_media":0,"comment_status":"closed","ping_status":"closed","sticky":false,"template":"","format":"standard","meta":[],"categories":[33],"tags":[],"_links":{"self":[{"href":"https:\/\/ustl-chambery.fr\/index.php?rest_route=\/wp\/v2\/posts\/597"}],"collection":[{"href":"https:\/\/ustl-chambery.fr\/index.php?rest_route=\/wp\/v2\/posts"}],"about":[{"href":"https:\/\/ustl-chambery.fr\/index.php?rest_route=\/wp\/v2\/types\/post"}],"author":[{"embeddable":true,"href":"https:\/\/ustl-chambery.fr\/index.php?rest_route=\/wp\/v2\/users\/2"}],"replies":[{"embeddable":true,"href":"https:\/\/ustl-chambery.fr\/index.php?rest_route=%2Fwp%2Fv2%2Fcomments&post=597"}],"version-history":[{"count":6,"href":"https:\/\/ustl-chambery.fr\/index.php?rest_route=\/wp\/v2\/posts\/597\/revisions"}],"predecessor-version":[{"id":626,"href":"https:\/\/ustl-chambery.fr\/index.php?rest_route=\/wp\/v2\/posts\/597\/revisions\/626"}],"wp:attachment":[{"href":"https:\/\/ustl-chambery.fr\/index.php?rest_route=%2Fwp%2Fv2%2Fmedia&parent=597"}],"wp:term":[{"taxonomy":"category","embeddable":true,"href":"https:\/\/ustl-chambery.fr\/index.php?rest_route=%2Fwp%2Fv2%2Fcategories&post=597"},{"taxonomy":"post_tag","embeddable":true,"href":"https:\/\/ustl-chambery.fr\/index.php?rest_route=%2Fwp%2Fv2%2Ftags&post=597"}],"curies":[{"name":"wp","href":"https:\/\/api.w.org\/{rel}","templated":true}]}}