{"id":629,"date":"2015-03-16T08:27:35","date_gmt":"2015-03-16T08:27:35","guid":{"rendered":"http:\/\/ustl-chambery.fr\/?p=629"},"modified":"2017-05-31T20:30:56","modified_gmt":"2017-05-31T20:30:56","slug":"conferences-avril-mai-juin-2015","status":"publish","type":"post","link":"https:\/\/ustl-chambery.fr\/?p=629","title":{"rendered":"conf\u00e9rences avril, mai, juin 2015"},"content":{"rendered":"<p align=\"center\"><b>Programme de l\u2019ann\u00e9e 2014-2015\u00a0: 3<sup>\u00e8me<\/sup> Trimestre<\/b><\/p>\n<p>______________________________________________________________________________<\/p>\n<p><b>02\/04\u00a0\/2015\u00a0<\/b>: Visite de Romans<\/p>\n<p><b>09\/04\/2015\u00a0<\/b>-14 H 30 : G\u00e9rard <b>Broyer<\/b>, Professeur honoraire de Psychologie \u00e0 l&rsquo;universit\u00e9 Lyon2 Lumi\u00e8res\u00a0: \u00ab\u00a0Le DSM5\u00a0: sommes-nous devenus fous\u00a0?\u00a0\u00bb. <b>Amphi Marcoz<\/b><\/p>\n<p><b>16\/04\/2015\u00a0<\/b>: Vacances de Printemps<\/p>\n<p><b>23\/04\/2015\u00a0<\/b>\u2013 14 H 30 : Patrice <b>Malkani<\/b>, Professeur de civilisation germanique \u00e0 l&rsquo;universit\u00e9 Lyon2 Lumi\u00e8res\u00a0: \u00ab\u00a0Le chevalier \u00e0 la rose de Richard Strauss\u00a0\u00bb.<span style=\"text-decoration: underline;\"><strong> amphi 2, Bat. 2 campus Jacob-Bellecombette<\/strong><\/span><\/p>\n<p><b>30\/04\/2015\u00a0<\/b>\u2013 14 H 30 : <b>Thora van Male<\/b>, Ma\u00eetre de conf\u00e9rences \u00e0 l&rsquo;IEP de Grenoble \u00a0: \u00ab\u00a0Quand les cochons sauront voler, les poules auront des dents.\u00a0\u00bb <b>Amphi Marcoz \u00a0CONFERENCE ANNULEE<\/b><\/p>\n<p><b>07\/05\/2015\u00a0<\/b>\u2013 14 H 30 : Jean-Yves <b>Jacquier<\/b>\u00a0; \u00ab\u00a0Alimentation\u00a0: \u00ab\u00a0\u00ab\u00a0Sommes-nous bien dans notre assiette\u00a0\u00bb\u00a0?\u00a0\u00bb <b>salle Jean Renoir<\/b><\/p>\n<p><b>14\/05\/2015\u00a0<\/b>: Ascension<\/p>\n<p><b>21\/05\/2015\u00a0<\/b>\u2013 14 H 30 :\u00a0 Christian <b>Guiller\u00e9<\/b>, Professeur d&rsquo;Histoire du Moyen Age \u00e0 l&rsquo;universit\u00e9 de Savoie Mont Blanc\u00a0: \u00ab\u00a0La Bourgogne de Vix au chanoine Kir\u00a0\u00bb. <b>amphi Marcoz<\/b><\/p>\n<p><b>28\/05\/2015<\/b>&#8211; 14 H 30 \u00a0: \u00a0Michel <b>Boulanger,<\/b> Directeur de l&rsquo;association Le P\u00e9lican\u00a0: \u00ab\u00a0Les addictions, aujourd\u2019hui.\u00a0\u00bb. <b>amphi Marcoz<\/b><\/p>\n<p><b>04\/06\/2015\u00a0<\/b>-14 H 30 : Patrick <b>Pigeon<\/b>, Professeur de G\u00e9ographie \u00e0 l&rsquo;universit\u00e9 de Savoie Mont Blanc\u00a0: \u00ab\u00a0 Risques et sururbanisation\u00a0\u00bb. <b>salle Jean Renoir<\/b><\/p>\n<p><b>05\/06\/2015 au 10\/06\/2015\u00a0<\/b>: Voyage en Bourgogne.<\/p>\n<div>\n<p>&#8212;&#8211; \u00a0 \u00a0 Amphi Marcoz\u00a0: Universit\u00e9, 27 rue Marcoz, Chamb\u00e9rySalle \u00a0 \u00a0 Jean Renoir\u00a0: 30 rue Nicolas Parent, Chamb\u00e9ry<\/p>\n<\/div>\n<p><b>\u00a0<\/b><\/p>\n<p>&nbsp;<\/p>\n","protected":false},"excerpt":{"rendered":"<p>Programme de l\u2019ann\u00e9e 2014-2015\u00a0: 3\u00e8me Trimestre ______________________________________________________________________________ 02\/04\u00a0\/2015\u00a0: Visite de Romans 09\/04\/2015\u00a0-14 H 30 : G\u00e9rard Broyer, Professeur honoraire de Psychologie \u00e0 l&rsquo;universit\u00e9 Lyon2 Lumi\u00e8res\u00a0: \u00ab\u00a0Le DSM5\u00a0: sommes-nous devenus fous\u00a0?\u00a0\u00bb. Amphi Marcoz 16\/04\/2015\u00a0: Vacances de Printemps 23\/04\/2015\u00a0\u2013 14 H 30 : Patrice Malkani, Professeur de civilisation germanique \u00e0 l&rsquo;universit\u00e9 Lyon2 Lumi\u00e8res\u00a0: \u00ab\u00a0Le chevalier \u00e0 la &hellip; <\/p>\n<p class=\"link-more\"><a href=\"https:\/\/ustl-chambery.fr\/?p=629\" class=\"more-link\">Continuer la lecture<span class=\"screen-reader-text\"> de &laquo;&nbsp;conf\u00e9rences avril, mai, juin 2015&nbsp;&raquo;<\/span><\/a><\/p>\n","protected":false},"author":2,"featured_media":0,"comment_status":"closed","ping_status":"closed","sticky":false,"template":"","format":"standard","meta":[],"categories":[33],"tags":[],"_links":{"self":[{"href":"https:\/\/ustl-chambery.fr\/index.php?rest_route=\/wp\/v2\/posts\/629"}],"collection":[{"href":"https:\/\/ustl-chambery.fr\/index.php?rest_route=\/wp\/v2\/posts"}],"about":[{"href":"https:\/\/ustl-chambery.fr\/index.php?rest_route=\/wp\/v2\/types\/post"}],"author":[{"embeddable":true,"href":"https:\/\/ustl-chambery.fr\/index.php?rest_route=\/wp\/v2\/users\/2"}],"replies":[{"embeddable":true,"href":"https:\/\/ustl-chambery.fr\/index.php?rest_route=%2Fwp%2Fv2%2Fcomments&post=629"}],"version-history":[{"count":6,"href":"https:\/\/ustl-chambery.fr\/index.php?rest_route=\/wp\/v2\/posts\/629\/revisions"}],"predecessor-version":[{"id":652,"href":"https:\/\/ustl-chambery.fr\/index.php?rest_route=\/wp\/v2\/posts\/629\/revisions\/652"}],"wp:attachment":[{"href":"https:\/\/ustl-chambery.fr\/index.php?rest_route=%2Fwp%2Fv2%2Fmedia&parent=629"}],"wp:term":[{"taxonomy":"category","embeddable":true,"href":"https:\/\/ustl-chambery.fr\/index.php?rest_route=%2Fwp%2Fv2%2Fcategories&post=629"},{"taxonomy":"post_tag","embeddable":true,"href":"https:\/\/ustl-chambery.fr\/index.php?rest_route=%2Fwp%2Fv2%2Ftags&post=629"}],"curies":[{"name":"wp","href":"https:\/\/api.w.org\/{rel}","templated":true}]}}