{"id":799,"date":"2016-12-04T15:03:44","date_gmt":"2016-12-04T15:03:44","guid":{"rendered":"http:\/\/ustl-chambery.fr\/?p=799"},"modified":"2017-05-31T20:34:45","modified_gmt":"2017-05-31T20:34:45","slug":"conferences-de-janvier-a-mars-2017","status":"publish","type":"post","link":"https:\/\/ustl-chambery.fr\/?p=799","title":{"rendered":"Conf\u00e9rences de janvier \u00e0 mars 2017"},"content":{"rendered":"<p align=\"center\"><span style=\"font-size: large;\"><b><span style=\"color: #000000;\">CONFERENCES DU DEUXIEME TRIMESTRE 2016-2017<br \/>\n<\/span><\/b><\/span><strong><span style=\"color: #000000;\">R\u00e9serv\u00e9es aux adh\u00e9rents de l\u2019USTL<\/span><\/strong><\/p>\n<p><span style=\"font-size: medium;\"><b><span style=\"color: #000000;\">05\/01\/2017\u00a0: Jean-Louis Coutaz<\/span><\/b><span style=\"color: #000000;\">, professeur \u00e0 l&rsquo;universit\u00e9 Savoie Mont Blanc :<br \/>\n\u00ab\u00a0R\u00e9sultats et applications extraordinaires des recherches en optique moderne.\u00a0\u00bb<br \/>\n14 h 30 Amphi Rue Marcoz \u2013<\/span><\/span><\/p>\n<p><span style=\"font-size: medium;\"><span style=\"color: #000000;\">\u00a0<\/span><b><span style=\"color: #000000;\">12\/01\/2017\u00a0: Pascal Vuillemin<\/span><\/b><span style=\"color: #000000;\">,\u00a0ma\u00eetre de conf\u00e9rences \u00e0 l&rsquo;universit\u00e9 Savoie Mont Blanc : \u00ab\u00a0Des empereurs de Byzance aux Doges de Venise : Ravenne m\u00e9di\u00e9vale (Ve-XVe s.)\u00a0\u00bb &#8211;\u00a0 14 h 30 Salle Jean Renoir &#8211;<\/span><\/span><\/p>\n<p><span style=\"font-size: medium;\"><span style=\"color: #000000;\">\u00a0<\/span><b><span style=\"color: #000000;\">19\/01\/2017\u00a0: Ren\u00e9 Gaillot<\/span><\/b><span style=\"color: #000000;\">, ancien chef de corps du 13\u00e8me BCA\u00a0: \u00ab\u00a0Verdun, 1916.\u00a0\u00bb<br \/>\n14 h 30 Amphi Rue Marcoz \u2013<\/span><\/span><\/p>\n<p style=\"padding-left: 30px;\"><span style=\"font-size: medium;\"><span style=\"color: #000000;\">\u00a0<\/span><b><i><span style=\"color: #000000;\">26\/01\/2017\u00a0 :\u00a0 Assembl\u00e9e g\u00e9n\u00e9rale <\/span><span style=\"color: #000000;\">\u00a0<\/span><span style=\"color: #000000;\">\u2013 <\/span><\/i><\/b><b><span style=\"color: #000000;\">\u00a0<\/span><span style=\"color: #000000;\">15 h<\/span><\/b><span style=\"color: #000000;\">\u00a0: Amphi Rue Marcoz <\/span><\/span><\/p>\n<p><span style=\"font-size: medium;\"><span style=\"color: #000000;\">\u00a0<\/span><b><span style=\"color: #000000;\">02\/02\/2017\u00a0: Genevi\u00e8ve Gaufillet<\/span><\/b><span style=\"color: #000000;\">, professeur honoraire : \u00ab\u00a0Enfants et enfance dans la peinture occidentale (XVIIe-XXe s.).\u00a0\u00bb &#8211; 14 h 30 Amphi Rue Marcoz \u2013<\/span><\/span><\/p>\n<p><span style=\"font-size: medium;\"><span style=\"color: #000000;\">\u00a0<\/span><b><span style=\"color: #000000;\">09\/02\/2017\u00a0: Dominique Pety<\/span><\/b><span style=\"color: #000000;\">, professeur de Lettres modernes \u00e0 l&rsquo;universit\u00e9 Savoie Mont Blanc\u00a0: \u00ab\u00a0D\u00e9cors de l\u2019\u00e9crivain et images de l\u2019\u00e9criture \u00bb &#8211;<br \/>\n14 h 30 Salle Jean Renoir &#8211;<\/span><\/span><\/p>\n<p><span style=\"font-size: medium;\"><span style=\"color: #000000;\">\u00a0<\/span><b><span style=\"color: #000000;\">16\/02\/2017\u00a0: Fabrice Delrieux<\/span><\/b><span style=\"color: #000000;\">, professeur d&rsquo;Histoire grecque \u00e0 l&rsquo;universit\u00e9 Savoie Mont Blanc\u00a0: \u00ab\u00a0Le pillage et la destruction du patrimoine antique dans le monde moderne : du choc des images au poids des symboles.\u00a0\u00bb <\/span><span style=\"color: #000000;\">\u00a0<\/span><span style=\"color: #000000;\">&#8211; 14 h 30 Amphi Rue Marcoz \u2013<\/span><\/span><\/p>\n<p><span style=\"font-size: medium;\"><span style=\"color: #000000;\">\u00a0<\/span><b><i><span style=\"color: #000000;\">23\/02\/2017\u00a0: vacances d&rsquo;hiver<\/span><\/i><\/b><\/span><\/p>\n<p><span style=\"font-size: medium;\"><span style=\"color: #000000;\">\u00a0<\/span><b><span style=\"color: #000000;\">02\/03\/2017\u00a0: Emilie-Anne P\u00e9py<\/span><\/b><span style=\"color: #000000;\">, ma\u00eetre de conf\u00e9rences \u00e0 l&rsquo;universit\u00e9 Savoie Mont Blanc\u00a0: \u00ab\u00a0Sciences et savoirs au XVIIIe si\u00e8cle, acteurs, lieux et pratiques\u00a0\u00bb &#8211;<br \/>\n<\/span><span style=\"color: #000000;\">14 h 30 Amphi Rue Marcoz <\/span><\/span><\/p>\n<p><span style=\"font-size: medium;\"><span style=\"color: #000000;\">\u00a0<\/span><b><span style=\"color: #000000;\">09\/03\/2017\u00a0: Mireille Grassi<\/span><\/b><span style=\"color: #000000;\">, psychologue clinicienne, \u00ab\u00a0Bonnes figures et faces cach\u00e9es du d\u00e9vouement (litt\u00e9rature, psychologie de la vie quotidienne).\u00a0\u00bb &#8211;<br \/>\n14 h 30 Salle Jean Renoir &#8211;<\/span><\/span><\/p>\n<p><span style=\"font-size: medium;\"><span style=\"color: #000000;\">\u00a0<\/span><b><span style=\"color: #000000;\">16\/03\/2017\u00a0: Christian Guiller\u00e9,<\/span><\/b><span style=\"color: #000000;\">\u00a0professeur \u00e9m\u00e9rite \u00e0 l\u2019universit\u00e9 Savoie Mont Blanc :<br \/>\n\u00ab\u00a0Le catharisme.\u00a0\u00bb &#8211; 14 h 30 Amphi Rue Marcoz \u2013<\/span><\/span><\/p>\n<p><span style=\"font-size: medium;\"><span style=\"color: #000000;\">\u00a0<\/span><b><span style=\"color: #000000;\">23\/03\/2017\u00a0: Pascal Chardonnet<\/span><\/b><span style=\"color: #000000;\">, professeur \u00e0 l&rsquo;universit\u00e9 Savoie Mont Blanc\u00a0:<br \/>\n\u00ab\u00a0Aux confins de l&rsquo;univers\u00a0: le Roy Soleil.\u00a0\u00bb &#8211; 14 h 30 Amphi Rue Marcoz \u2013<\/span><\/span><\/p>\n<p><span style=\"font-size: medium;\"><span style=\"color: #000000;\">\u00a0<\/span><b><span style=\"color: #000000;\">30\/03\/2017\u00a0: Joseph Martinod<\/span><\/b><span style=\"color: #000000;\">, professeur \u00e0 l&rsquo;universit\u00e9 Savoie Mont Blanc\u00a0: \u00ab\u00a0L&rsquo;\u00e9volution de la Cordill\u00e8re des Andes\u00a0: morphologie et climat.\u00a0\u00bb &#8211; 14 h 30 Amphi Rue Marcoz<br \/>\n<\/span><\/span><\/p>\n<p><span style=\"font-size: medium;\"><b><i><span style=\"color: #000000;\"><br \/>\nAmphi Rue Marcoz<\/span><\/i><\/b><i><span style=\"color: #000000;\">\u00a0: Universit\u00e9 Savoie Mont Blanc \u2013 27 rue Marcoz \u2013 Chamb\u00e9ry \u2013<br \/>\n<\/span><\/i><\/span><span style=\"font-size: medium;\"><b><i><span style=\"color: #000000;\">Salle Jean Renoir<\/span><\/i><\/b><i><span style=\"color: #000000;\">\u00a0\u00a0 <\/span><span style=\"color: #000000;\">: 30, rue Nicolas Parent \u2013 Chamb\u00e9ry \u2013 <\/span><\/i><\/span><\/p>\n","protected":false},"excerpt":{"rendered":"<p>CONFERENCES DU DEUXIEME TRIMESTRE 2016-2017 R\u00e9serv\u00e9es aux adh\u00e9rents de l\u2019USTL 05\/01\/2017\u00a0: Jean-Louis Coutaz, professeur \u00e0 l&rsquo;universit\u00e9 Savoie Mont Blanc : \u00ab\u00a0R\u00e9sultats et applications extraordinaires des recherches en optique moderne.\u00a0\u00bb 14 h 30 Amphi Rue Marcoz \u2013 \u00a012\/01\/2017\u00a0: Pascal Vuillemin,\u00a0ma\u00eetre de conf\u00e9rences \u00e0 l&rsquo;universit\u00e9 Savoie Mont Blanc : \u00ab\u00a0Des empereurs de Byzance aux Doges de Venise &hellip; <\/p>\n<p class=\"link-more\"><a href=\"https:\/\/ustl-chambery.fr\/?p=799\" class=\"more-link\">Continuer la lecture<span class=\"screen-reader-text\"> de &laquo;&nbsp;Conf\u00e9rences de janvier \u00e0 mars 2017&nbsp;&raquo;<\/span><\/a><\/p>\n","protected":false},"author":3,"featured_media":0,"comment_status":"closed","ping_status":"closed","sticky":false,"template":"","format":"standard","meta":[],"categories":[35],"tags":[],"_links":{"self":[{"href":"https:\/\/ustl-chambery.fr\/index.php?rest_route=\/wp\/v2\/posts\/799"}],"collection":[{"href":"https:\/\/ustl-chambery.fr\/index.php?rest_route=\/wp\/v2\/posts"}],"about":[{"href":"https:\/\/ustl-chambery.fr\/index.php?rest_route=\/wp\/v2\/types\/post"}],"author":[{"embeddable":true,"href":"https:\/\/ustl-chambery.fr\/index.php?rest_route=\/wp\/v2\/users\/3"}],"replies":[{"embeddable":true,"href":"https:\/\/ustl-chambery.fr\/index.php?rest_route=%2Fwp%2Fv2%2Fcomments&post=799"}],"version-history":[{"count":5,"href":"https:\/\/ustl-chambery.fr\/index.php?rest_route=\/wp\/v2\/posts\/799\/revisions"}],"predecessor-version":[{"id":804,"href":"https:\/\/ustl-chambery.fr\/index.php?rest_route=\/wp\/v2\/posts\/799\/revisions\/804"}],"wp:attachment":[{"href":"https:\/\/ustl-chambery.fr\/index.php?rest_route=%2Fwp%2Fv2%2Fmedia&parent=799"}],"wp:term":[{"taxonomy":"category","embeddable":true,"href":"https:\/\/ustl-chambery.fr\/index.php?rest_route=%2Fwp%2Fv2%2Fcategories&post=799"},{"taxonomy":"post_tag","embeddable":true,"href":"https:\/\/ustl-chambery.fr\/index.php?rest_route=%2Fwp%2Fv2%2Ftags&post=799"}],"curies":[{"name":"wp","href":"https:\/\/api.w.org\/{rel}","templated":true}]}}